[{"@context":"https:\/\/schema.org\/","@type":"Article","@id":"https:\/\/www.tasmina.cz\/jsou-elektricke-automobily-skutecne-tim-nejekologictejsim-resenim\/#Article","mainEntityOfPage":"https:\/\/www.tasmina.cz\/jsou-elektricke-automobily-skutecne-tim-nejekologictejsim-resenim\/","headline":"Jsou elektrick\u00e9 automobily skute\u010dn\u011b t\u00edm nejekologi\u010dt\u011bj\u0161\u00edm \u0159e\u0161en\u00edm?","name":"Jsou elektrick\u00e9 automobily skute\u010dn\u011b t\u00edm nejekologi\u010dt\u011bj\u0161\u00edm \u0159e\u0161en\u00edm?","description":"Asi nen\u00ed t\u0159eba \u0159\u00edkat, \u017ee osobn\u00ed doprava nen\u00ed p\u0159\u00edli\u0161 ekologick\u00e1. A vzhledem ke st\u00e1le se zhor\u0161uj\u00edc\u00edmu stavu \u017eivotn\u00edho prost\u0159ed\u00ed je jasn\u00e9, \u017ee je nutn\u00e9 s\u00a0t\u00edm co nejd\u0159\u00edve n\u011bco d\u011blat. Samoz\u0159ejm\u011b, &hellip; ","datePublished":"2023-08-25","dateModified":"2023-08-25","author":{"@type":"Person","@id":"https:\/\/www.tasmina.cz\/author\/devene\/#Person","name":"devene","url":"https:\/\/www.tasmina.cz\/author\/devene\/","identifier":1,"image":{"@type":"ImageObject","@id":"https:\/\/secure.gravatar.com\/avatar\/f5ad5dcd5c02ecc0fdaf1fe4b2e9a39ad5c5cc2b614885090f6f77b1ccabb3a9?s=96&d=mm&r=g","url":"https:\/\/secure.gravatar.com\/avatar\/f5ad5dcd5c02ecc0fdaf1fe4b2e9a39ad5c5cc2b614885090f6f77b1ccabb3a9?s=96&d=mm&r=g","height":96,"width":96}},"publisher":{"@type":"Organization","name":"tasmina.cz","logo":{"@type":"ImageObject","@id":"\/logo.png","url":"\/logo.png","width":600,"height":60}},"image":{"@type":"ImageObject","@id":"https:\/\/www.tasmina.cz\/wp-content\/uploads\/auto4_10_10_10_10_10_8.jpg","url":"https:\/\/www.tasmina.cz\/wp-content\/uploads\/auto4_10_10_10_10_10_8.jpg","height":0,"width":0},"url":"https:\/\/www.tasmina.cz\/jsou-elektricke-automobily-skutecne-tim-nejekologictejsim-resenim\/","about":["Auto"],"wordCount":407,"articleBody":"Asi nen\u00ed t\u0159eba \u0159\u00edkat, \u017ee osobn\u00ed doprava nen\u00ed p\u0159\u00edli\u0161 ekologick\u00e1. A vzhledem ke st\u00e1le se zhor\u0161uj\u00edc\u00edmu stavu \u017eivotn\u00edho prost\u0159ed\u00ed je jasn\u00e9, \u017ee je nutn\u00e9 s\u00a0t\u00edm co nejd\u0159\u00edve n\u011bco d\u011blat. Samoz\u0159ejm\u011b, nejlep\u0161\u00edm \u0159e\u0161en\u00edm by bylo v\u011bt\u0161\u00ed vyu\u017e\u00edv\u00e1n\u00ed ve\u0159ejn\u00e9 hromadn\u00e9 dopravy, av\u0161ak to \u010dasto nar\u00e1\u017e\u00ed na odpor. Proto je pot\u0159eba naj\u00edt jin\u00e9 \u0159e\u0161en\u00ed, v\u00a0tomto p\u0159\u00edpad\u011b pak ekologi\u010dt\u011bj\u0161\u00ed osobn\u00ed automobily.\u00a0V\u00a0sou\u010dasnosti se zd\u00e1, \u017ee jednou z\u00a0nejlep\u0161\u00edch mo\u017enost\u00ed, kter\u00e9 m\u00e1me v\u00a0sou\u010dasn\u00e9 dob\u011b v\u00a0tomto ohledu k\u00a0dispozici, je elektrick\u00fd automobil. Jist\u011b, pl\u00e1novalo se i auto jezd\u00edc\u00ed na vod\u00edk, av\u0161ak jeho v\u00fdroba je prozat\u00edm p\u0159\u00edli\u0161 n\u00e1kladn\u00e1, a nav\u00edc vzbuzuje u ve\u0159ejnosti jist\u00e9 obavy.\u00a0\u00a0N\u011bkte\u0159\u00ed v\u0161ak nam\u00edtaj\u00ed, \u017ee ani elektromobily nejsou p\u0159\u00edli\u0161 ekologickou alternativou. Jist\u011b samy o sob\u011b neprodukuj\u00ed \u017e\u00e1dn\u00e9 emise, to sam\u00e9 v\u0161ak nelze \u0159\u00edci o jejich v\u00fdrob\u011b. Kritika se sn\u00e1\u0161\u00ed zvl\u00e1\u0161t\u011b na dnes pou\u017e\u00edvan\u00e9 lithiov\u00e9 baterie, nebo\u0165 t\u011b\u017eba lithia je pro \u017eivotn\u00ed prost\u0159ed\u00ed pom\u011brn\u011b dost zat\u011b\u017euj\u00edc\u00ed.\u00a0Tak\u00e9 je zde ot\u00e1zka jejich likvidace. Faktem toti\u017e je, \u017ee baterie elektromobilu maj\u00ed relativn\u011b n\u00edzkou \u017eivotnost p\u0159ibli\u017en\u011b 10 let, n\u00e1sledn\u011b je nutn\u00e9 je vym\u011bnit. Probl\u00e9m je, \u017ee ani jejich likvidace nen\u00ed doposud vy\u0159e\u0161ena. Lze si tedy snadno p\u0159edstavit, jak skon\u010d\u00ed.\u00a0\u00a0Znamen\u00e1 to tedy, \u017ee ani elektrick\u00e9 automobily nejsou tou spr\u00e1vnou cestou? Ne tak docela. Je pot\u0159eba toti\u017e nejen spo\u010d\u00edtat, jakou z\u00e1t\u011b\u017e pro \u017eivotn\u00ed prost\u0159ed\u00ed p\u0159edstavuje jejich v\u00fdroba, n\u00fdbr\u017e cel\u00e1 doba \u017eivotnosti automobilu, tedy od za\u010d\u00e1tku jeho v\u00fdroby a\u017e po jeho kone\u010dnou likvidaci. Kdy\u017e pak tato data porovn\u00e1me s\u00a0automobily se spalovac\u00edmi motory, do\u010dk\u00e1me se zaj\u00edmav\u00fdch v\u00fdsledk\u016f.\u00a0Ukazuje se toti\u017e, \u017ee kdy\u017e porovn\u00e1me celkovou z\u00e1t\u011b\u017e, kterou dan\u00e9 vozidlo p\u0159edstavuje, pak to elektrick\u00e9 z\u00a0toho p\u0159eci jen vych\u00e1z\u00ed podstatn\u011b l\u00e9pe. Jist\u011b, nelze zast\u00edrat, \u017ee se jedn\u00e1 o dokonal\u00e9 \u0159e\u0161en\u00ed. Nav\u00edc nen\u00ed ani vhodn\u00e9 pro v\u0161echny. V\u00a0sou\u010dasn\u00e9 dob\u011b je v\u0161ak t\u00edm nejlep\u0161\u00edm, co m\u00e1me prozat\u00edm k\u00a0dispozici. Proto bychom jej m\u011bli vyu\u017e\u00edt a uleh\u010dit na\u0161\u00ed planet\u011b, ne\u017e bude pozd\u011b.                                                                                                                                                                                                                                                                                                                                                                                        3.1\/5 - (7 votes)        "},{"@context":"https:\/\/schema.org\/","@type":"BreadcrumbList","itemListElement":[{"@type":"ListItem","position":1,"name":"Jsou elektrick\u00e9 automobily skute\u010dn\u011b t\u00edm nejekologi\u010dt\u011bj\u0161\u00edm \u0159e\u0161en\u00edm?","item":"https:\/\/www.tasmina.cz\/jsou-elektricke-automobily-skutecne-tim-nejekologictejsim-resenim\/#breadcrumbitem"}]}]