{"@context":"https:\/\/schema.org\/","@type":"CollectionPage","@id":"https:\/\/www.tasmina.cz\/zena\/#CollectionPage","headline":"\u017dena Category","description":"","url":"https:\/\/www.tasmina.cz\/zena\/","hasPart":[{"@type":"Article","@id":"https:\/\/www.tasmina.cz\/jake-myty-koluji-o-single-zenach-a-proc-jim-neverit\/","headline":"Jak\u00e9 m\u00fdty koluj\u00ed o single \u017een\u00e1ch a pro\u010d jim nev\u011b\u0159it","url":"https:\/\/www.tasmina.cz\/jake-myty-koluji-o-single-zenach-a-proc-jim-neverit\/","datePublished":"2022-07-10","dateModified":"2023-04-30","mainEntityOfPage":"https:\/\/www.tasmina.cz\/jake-myty-koluji-o-single-zenach-a-proc-jim-neverit\/","author":{"@type":"Person","@id":"https:\/\/www.tasmina.cz\/author\/devene\/#Person","name":"devene","url":"https:\/\/www.tasmina.cz\/author\/devene\/","identifier":1,"image":{"@type":"ImageObject","@id":"https:\/\/secure.gravatar.com\/avatar\/f5ad5dcd5c02ecc0fdaf1fe4b2e9a39ad5c5cc2b614885090f6f77b1ccabb3a9?s=96&d=mm&r=g","url":"https:\/\/secure.gravatar.com\/avatar\/f5ad5dcd5c02ecc0fdaf1fe4b2e9a39ad5c5cc2b614885090f6f77b1ccabb3a9?s=96&d=mm&r=g","height":96,"width":96}},"publisher":{"@type":"Organization","name":"tasmina.cz","logo":{"@type":"ImageObject","@id":"\/logo.png","url":"\/logo.png","width":600,"height":60}},"image":{"@type":"ImageObject","@id":"https:\/\/www.tasmina.cz\/wp-content\/uploads\/pexels-photo-12905646_1.jpeg","url":"https:\/\/www.tasmina.cz\/wp-content\/uploads\/pexels-photo-12905646_1.jpeg","height":0,"width":0},"keywords":null},{"@type":"Article","@id":"https:\/\/www.tasmina.cz\/zena-dracice\/","headline":"\u017dena Dra\u010dice","url":"https:\/\/www.tasmina.cz\/zena-dracice\/","datePublished":"2021-12-25","dateModified":"2023-04-30","mainEntityOfPage":"https:\/\/www.tasmina.cz\/zena-dracice\/","author":{"@type":"Person","@id":"https:\/\/www.tasmina.cz\/author\/devene\/#Person","name":"devene","url":"https:\/\/www.tasmina.cz\/author\/devene\/","identifier":1,"image":{"@type":"ImageObject","@id":"https:\/\/secure.gravatar.com\/avatar\/f5ad5dcd5c02ecc0fdaf1fe4b2e9a39ad5c5cc2b614885090f6f77b1ccabb3a9?s=96&d=mm&r=g","url":"https:\/\/secure.gravatar.com\/avatar\/f5ad5dcd5c02ecc0fdaf1fe4b2e9a39ad5c5cc2b614885090f6f77b1ccabb3a9?s=96&d=mm&r=g","height":96,"width":96}},"publisher":{"@type":"Organization","name":"tasmina.cz","logo":{"@type":"ImageObject","@id":"\/logo.png","url":"\/logo.png","width":600,"height":60}},"image":{"@type":"ImageObject","@id":"https:\/\/www.tasmina.cz\/wp-content\/uploads\/talking-4248960_640_2.jpg","url":"https:\/\/www.tasmina.cz\/wp-content\/uploads\/talking-4248960_640_2.jpg","height":0,"width":0},"keywords":null},{"@type":"Article","@id":"https:\/\/www.tasmina.cz\/stala-jsem-se-novodobou-carodejnici-chce-to-jen-trenink-a-odhodlani\/","headline":"Stala jsem se novodobou \u010darod\u011bjnic\u00ed! Chce to jen tr\u00e9nink a odhodl\u00e1n\u00ed","url":"https:\/\/www.tasmina.cz\/stala-jsem-se-novodobou-carodejnici-chce-to-jen-trenink-a-odhodlani\/","datePublished":"2021-09-05","dateModified":"2023-04-30","mainEntityOfPage":"https:\/\/www.tasmina.cz\/stala-jsem-se-novodobou-carodejnici-chce-to-jen-trenink-a-odhodlani\/","author":{"@type":"Person","@id":"https:\/\/www.tasmina.cz\/author\/devene\/#Person","name":"devene","url":"https:\/\/www.tasmina.cz\/author\/devene\/","identifier":1,"image":{"@type":"ImageObject","@id":"https:\/\/secure.gravatar.com\/avatar\/f5ad5dcd5c02ecc0fdaf1fe4b2e9a39ad5c5cc2b614885090f6f77b1ccabb3a9?s=96&d=mm&r=g","url":"https:\/\/secure.gravatar.com\/avatar\/f5ad5dcd5c02ecc0fdaf1fe4b2e9a39ad5c5cc2b614885090f6f77b1ccabb3a9?s=96&d=mm&r=g","height":96,"width":96}},"publisher":{"@type":"Organization","name":"tasmina.cz","logo":{"@type":"ImageObject","@id":"\/logo.png","url":"\/logo.png","width":600,"height":60}},"image":{"@type":"ImageObject","@id":"https:\/\/www.tasmina.cz\/wp-content\/uploads\/candles-2681068_960_720.jpg","url":"https:\/\/www.tasmina.cz\/wp-content\/uploads\/candles-2681068_960_720.jpg","height":0,"width":0},"keywords":null},{"@type":"Article","@id":"https:\/\/www.tasmina.cz\/pripravte-detem-vyjimecny-zazitek\/","headline":"P\u0159ipravte d\u011btem v\u00fdjime\u010dn\u00fd z\u00e1\u017eitek","url":"https:\/\/www.tasmina.cz\/pripravte-detem-vyjimecny-zazitek\/","datePublished":"2018-08-24","dateModified":"2023-04-30","mainEntityOfPage":"https:\/\/www.tasmina.cz\/pripravte-detem-vyjimecny-zazitek\/","author":{"@type":"Person","@id":"https:\/\/www.tasmina.cz\/author\/devene\/#Person","name":"devene","url":"https:\/\/www.tasmina.cz\/author\/devene\/","identifier":1,"image":{"@type":"ImageObject","@id":"https:\/\/secure.gravatar.com\/avatar\/f5ad5dcd5c02ecc0fdaf1fe4b2e9a39ad5c5cc2b614885090f6f77b1ccabb3a9?s=96&d=mm&r=g","url":"https:\/\/secure.gravatar.com\/avatar\/f5ad5dcd5c02ecc0fdaf1fe4b2e9a39ad5c5cc2b614885090f6f77b1ccabb3a9?s=96&d=mm&r=g","height":96,"width":96}},"publisher":{"@type":"Organization","name":"tasmina.cz","logo":{"@type":"ImageObject","@id":"\/logo.png","url":"\/logo.png","width":600,"height":60}},"image":{"@type":"ImageObject","@id":"https:\/\/www.tasmina.cz\/wp-content\/uploads\/img_a324401_w2394_t1536181093.png","url":"https:\/\/www.tasmina.cz\/wp-content\/uploads\/img_a324401_w2394_t1536181093.png","height":0,"width":0},"keywords":null}]}